{"id":494,"date":"2013-08-04T13:29:58","date_gmt":"2013-08-04T11:29:58","guid":{"rendered":"http:\/\/hantayo.fr\/web\/?p=494"},"modified":"2014-09-24T10:22:43","modified_gmt":"2014-09-24T08:22:43","slug":"rando-journee-le-14-aout-2013","status":"publish","type":"post","link":"https:\/\/hantayo.fr\/web\/region\/rando-journee-le-14-aout-2013\/","title":{"rendered":"Rando journ\u00e9e le 14 ao\u00fbt 2013"},"content":{"rendered":"<p>La prochaine randonn\u00e9e \u00e9questre aura lieu le 14 ao\u00fbt. Le d\u00e9part aura lieu \u00e0 8h \u00e0 Hantayo. Retour pr\u00e9vu vers 17h apr\u00e8s une belle chevauch\u00e9e \u00e0 travers notre r\u00e9gion magnifique. Notre halte du midi se fera au mus\u00e9e du foie gras \u00e0 Souleilles. Les participants pourront d\u00e9guster les bons produits r\u00e9gionaux. Cette randonn\u00e9e est destin\u00e9e aux cavaliers confirm\u00e9s. Si vous \u00eates int\u00e9ress\u00e9s, merci de <a title=\"Contact\" href=\"http:\/\/hantayo.fr\/web\/contact\/\">contacter Sylvie par \u00e9mail ou par t\u00e9l\u00e9phone.<\/a><a href=\"http:\/\/hantayo.fr\/web\/wp-content\/uploads\/2013\/08\/P1310581.jpg\"><img decoding=\"async\" loading=\"lazy\" class=\"alignleft size-medium wp-image-503\" alt=\"P1310581\" src=\"http:\/\/hantayo.fr\/web\/wp-content\/uploads\/2013\/08\/P1310581-300x225.jpg\" width=\"300\" height=\"225\" srcset=\"https:\/\/hantayo.fr\/web\/wp-content\/uploads\/2013\/08\/P1310581-300x225.jpg 300w, https:\/\/hantayo.fr\/web\/wp-content\/uploads\/2013\/08\/P1310581-1024x768.jpg 1024w\" sizes=\"(max-width: 300px) 100vw, 300px\" \/><\/a><a href=\"http:\/\/hantayo.fr\/web\/wp-content\/uploads\/2013\/08\/P1310570.jpg\"><img decoding=\"async\" loading=\"lazy\" class=\"alignleft size-medium wp-image-495\" alt=\"P1310570\" src=\"http:\/\/hantayo.fr\/web\/wp-content\/uploads\/2013\/08\/P1310570-300x225.jpg\" width=\"300\" height=\"225\" srcset=\"https:\/\/hantayo.fr\/web\/wp-content\/uploads\/2013\/08\/P1310570-300x225.jpg 300w, https:\/\/hantayo.fr\/web\/wp-content\/uploads\/2013\/08\/P1310570-1024x768.jpg 1024w\" sizes=\"(max-width: 300px) 100vw, 300px\" \/><\/a><\/p>\n","protected":false},"excerpt":{"rendered":"<p>La prochaine randonn\u00e9e \u00e9questre aura lieu le 14 ao\u00fbt. Le d\u00e9part aura lieu \u00e0 8h \u00e0 Hantayo. Retour pr\u00e9vu vers 17h apr\u00e8s une belle chevauch\u00e9e \u00e0 travers notre r\u00e9gion magnifique. Notre halte du midi se fera au mus\u00e9e du foie gras \u00e0 Souleilles. Les participants pourront d\u00e9guster les bons produits r\u00e9gionaux. Cette randonn\u00e9e est destin\u00e9e [&hellip;]<\/p>\n","protected":false},"author":3,"featured_media":0,"comment_status":"open","ping_status":"open","sticky":false,"template":"","format":"standard","meta":[],"categories":[10,5],"tags":[19],"jetpack_featured_media_url":"","_links":{"self":[{"href":"https:\/\/hantayo.fr\/web\/wp-json\/wp\/v2\/posts\/494"}],"collection":[{"href":"https:\/\/hantayo.fr\/web\/wp-json\/wp\/v2\/posts"}],"about":[{"href":"https:\/\/hantayo.fr\/web\/wp-json\/wp\/v2\/types\/post"}],"author":[{"embeddable":true,"href":"https:\/\/hantayo.fr\/web\/wp-json\/wp\/v2\/users\/3"}],"replies":[{"embeddable":true,"href":"https:\/\/hantayo.fr\/web\/wp-json\/wp\/v2\/comments?post=494"}],"version-history":[{"count":0,"href":"https:\/\/hantayo.fr\/web\/wp-json\/wp\/v2\/posts\/494\/revisions"}],"wp:attachment":[{"href":"https:\/\/hantayo.fr\/web\/wp-json\/wp\/v2\/media?parent=494"}],"wp:term":[{"taxonomy":"category","embeddable":true,"href":"https:\/\/hantayo.fr\/web\/wp-json\/wp\/v2\/categories?post=494"},{"taxonomy":"post_tag","embeddable":true,"href":"https:\/\/hantayo.fr\/web\/wp-json\/wp\/v2\/tags?post=494"}],"curies":[{"name":"wp","href":"https:\/\/api.w.org\/{rel}","templated":true}]}}